{"id":1043,"date":"2024-05-03T13:00:46","date_gmt":"2024-05-03T11:00:46","guid":{"rendered":"https:\/\/knihovna.praha19.cz\/?p=1043"},"modified":"2024-06-10T10:13:32","modified_gmt":"2024-06-10T08:13:32","slug":"vystava-vyhlaseni-vitezu-5-rocnik-amaterske-fotograficke-souteze","status":"publish","type":"post","link":"https:\/\/knihovna.praha19.cz\/?p=1043","title":{"rendered":"V\u00fdstava &#8211; Vyhl\u00e1\u0161en\u00ed v\u00edt\u011bz\u016f &#8211; 5. ro\u010dn\u00edk AMAT\u00c9RSK\u00c9 FOTOGRAFICK\u00c9 SOUT\u011a\u017dE"},"content":{"rendered":"\n<p class=\"has-black-color has-text-color has-link-color has-medium-font-size wp-elements-54e8f0b78ad8c6581ecaa50f583e70c7\">M\u00edstn\u00ed knihovna Kbely pod z\u00e1\u0161titou m\u00edstostarostky M\u010c Praha 19 Ivany \u0160est\u00e1kov\u00e9 a ve spolupr\u00e1ci s 1. \u010cKFA Nek\u00e1zanka si v\u00e1s dovoluj\u00ed pozvat na<\/p>\n\n\n\n<h2 class=\"wp-block-heading has-black-color has-text-color has-link-color has-large-font-size wp-elements-f86b4a0f893d0cd020a81e4f924378c1\">FOTOGRAFICKOU V\u00ddSTAVU AMAT\u00c9RSK\u00ddCH AUTOR\u016e, KTE\u0158\u00cd SE Z\u00da\u010cASTNILI 5. RO\u010cN\u00cdKU AMAT\u00c9RSK\u00c9 FOTOGRAFICK\u00c9 SOUT\u011a\u017dE<\/h2>\n\n\n\n<p class=\"has-black-color has-text-color has-link-color has-medium-font-size wp-elements-29cfb538dda2e39ff5bd480e8095fafa\"><strong>Vernis\u00e1\u017e prob\u011bhne v pond\u011bl\u00ed 13. kv\u011btna 2024 od 18:00 hodin v prostor\u00e1ch kbelsk\u00e9 knihovny.<\/strong><\/p>\n\n\n\n<p class=\"has-black-color has-text-color has-link-color has-medium-font-size wp-elements-68adc7e33268263fb0ea815de929b296\">V\u00fdstava potrv\u00e1 a\u017e do 21. \u010dervna 2024. Pot\u00e9 budou v\u0161echny vystaven\u00e9 sn\u00edmky p\u0159ed\u00e1ny zdarma jejich autor\u016fm.<\/p>\n\n\n\n<p><\/p>\n","protected":false},"excerpt":{"rendered":"<p>M\u00edstn\u00ed knihovna Kbely pod z\u00e1\u0161titou m\u00edstostarostky M\u010c Praha 19 Ivany \u0160est\u00e1kov\u00e9 a ve spolupr\u00e1ci s 1. \u010cKFA Nek\u00e1zanka si v\u00e1s dovoluj\u00ed pozvat na FOTOGRAFICKOU V\u00ddSTAVU AMAT\u00c9RSK\u00ddCH AUTOR\u016e, KTE\u0158\u00cd SE Z\u00da\u010cASTNILI 5. RO\u010cN\u00cdKU AMAT\u00c9RSK\u00c9 FOTOGRAFICK\u00c9 SOUT\u011a\u017dE Vernis\u00e1\u017e prob\u011bhne v pond\u011bl\u00ed 13. kv\u011btna 2024 od 18:00 hodin v prostor\u00e1ch kbelsk\u00e9 knihovny. V\u00fdstava potrv\u00e1 a\u017e do 21. \u010dervna [&hellip;]<\/p>\n","protected":false},"author":2,"featured_media":1044,"comment_status":"closed","ping_status":"closed","sticky":false,"template":"","format":"standard","meta":{"_monsterinsights_skip_tracking":false,"_monsterinsights_sitenote_active":false,"_monsterinsights_sitenote_note":"","_monsterinsights_sitenote_category":0,"footnotes":""},"categories":[4],"tags":[],"class_list":["post-1043","post","type-post","status-publish","format-standard","has-post-thumbnail","hentry","category-vystavy"],"_links":{"self":[{"href":"https:\/\/knihovna.praha19.cz\/index.php?rest_route=\/wp\/v2\/posts\/1043","targetHints":{"allow":["GET"]}}],"collection":[{"href":"https:\/\/knihovna.praha19.cz\/index.php?rest_route=\/wp\/v2\/posts"}],"about":[{"href":"https:\/\/knihovna.praha19.cz\/index.php?rest_route=\/wp\/v2\/types\/post"}],"author":[{"embeddable":true,"href":"https:\/\/knihovna.praha19.cz\/index.php?rest_route=\/wp\/v2\/users\/2"}],"replies":[{"embeddable":true,"href":"https:\/\/knihovna.praha19.cz\/index.php?rest_route=%2Fwp%2Fv2%2Fcomments&post=1043"}],"version-history":[{"count":1,"href":"https:\/\/knihovna.praha19.cz\/index.php?rest_route=\/wp\/v2\/posts\/1043\/revisions"}],"predecessor-version":[{"id":1045,"href":"https:\/\/knihovna.praha19.cz\/index.php?rest_route=\/wp\/v2\/posts\/1043\/revisions\/1045"}],"wp:featuredmedia":[{"embeddable":true,"href":"https:\/\/knihovna.praha19.cz\/index.php?rest_route=\/wp\/v2\/media\/1044"}],"wp:attachment":[{"href":"https:\/\/knihovna.praha19.cz\/index.php?rest_route=%2Fwp%2Fv2%2Fmedia&parent=1043"}],"wp:term":[{"taxonomy":"category","embeddable":true,"href":"https:\/\/knihovna.praha19.cz\/index.php?rest_route=%2Fwp%2Fv2%2Fcategories&post=1043"},{"taxonomy":"post_tag","embeddable":true,"href":"https:\/\/knihovna.praha19.cz\/index.php?rest_route=%2Fwp%2Fv2%2Ftags&post=1043"}],"curies":[{"name":"wp","href":"https:\/\/api.w.org\/{rel}","templated":true}]}}