{"id":1049,"date":"2024-05-20T11:55:23","date_gmt":"2024-05-20T09:55:23","guid":{"rendered":"https:\/\/knihovna.praha19.cz\/?p=1049"},"modified":"2024-05-20T11:57:29","modified_gmt":"2024-05-20T09:57:29","slug":"vyhlaseni-vysledku-5-rocniku-fotosouteze-amaterskych-fotografu","status":"publish","type":"post","link":"https:\/\/knihovna.praha19.cz\/?p=1049","title":{"rendered":"Vyhl\u00e1\u0161en\u00ed v\u00fdsledk\u016f 5. ro\u010dn\u00edku fotosout\u011b\u017ee amat\u00e9rsk\u00fdch fotograf\u016f\u00a0"},"content":{"rendered":"\n<p class=\"has-black-color has-text-color has-link-color has-medium-font-size wp-elements-31750a84b3dbc4260fa1213c607bc719\">V pond\u011bl\u00ed 13. kv\u011btna prob\u011bhlo v M\u00edstn\u00ed knihovn\u011b Kbely slavnostn\u00ed vyhl\u00e1\u0161en\u00ed v\u00fdsledk\u016f ji\u017e ro\u010dn\u00edku fotosout\u011b\u017ee amat\u00e9rsk\u00fdch fotograf\u016f.<\/p>\n\n\n\n<p class=\"has-black-color has-text-color has-link-color has-medium-font-size wp-elements-1fc3ec31edc61e576ff503e137328cdb\">V\u00e1\u017een\u00ed \u00fa\u010dastn\u00edci fotosout\u011b\u017ee,<br>dovolte n\u00e1m, abychom V\u00e1m vyj\u00e1d\u0159ili up\u0159\u00edmn\u00e9 pod\u011bkov\u00e1n\u00ed za Va\u0161i hojnou \u00fa\u010dast v na\u0161\u00ed fotosout\u011b\u017ei. Jsme nad\u0161eni z Va\u0161eho z\u00e1jmu a z mnoha \u00fa\u017easn\u00fdch fotografi\u00ed, kter\u00e9 jste n\u00e1m poslali.<br>Tohoto ro\u010dn\u00edku se z\u00fa\u010dastnilo 29 sout\u011b\u017e\u00edc\u00edch, kte\u0159\u00ed zaslali celkem 122 sout\u011b\u017en\u00edch sn\u00edmk\u016f.<br>Bylo pro n\u00e1s nesm\u00edrn\u011b t\u011b\u017ek\u00e9 vybrat v\u00edt\u011bze z tak velk\u00e9ho mno\u017estv\u00ed talentovan\u00fdch fotograf\u016f. Ka\u017ed\u00e1 fotografie byla jedine\u010dn\u00e1 a kr\u00e1sn\u00e1 sv\u00fdm vlastn\u00edm zp\u016fsobem. Nakonec jsme se ale museli rozhodnout a vybrat ty, kter\u00e9 n\u00e1s nejv\u00edce oslovily.<\/p>\n\n\n\n<p class=\"has-black-color has-text-color has-link-color has-medium-font-size wp-elements-1aa33c5c43757f04b1cd27ea54fd3992\"><strong>Voln\u00e9 t\u00e9ma:<\/strong><br><strong><em>1.m\u00edsto Ji\u0159\u00ed Hakauf (T\u0159e\u0161\u0148ov\u00fd sad)<br>2.m\u00edsto Kate\u0159ina J\u016fnov\u00e1 (V\u00fdchod slunce nad Karlov\u00fdm mostem)<br>3.m\u00edsto Jana Braunspergerov\u00e1<\/em><\/strong><\/p>\n\n\n\n<p class=\"has-black-color has-text-color has-link-color has-medium-font-size wp-elements-4830503147289e63fec691f6713edfa5\"><strong>Sv\u011bt v pohybu:<\/strong><br><strong><em>1.m\u00edsto Adam Hendrych (Pekeln\u00e1 j\u00edzda)<br>2.m\u00edsto Jakub Cac\u00e1k (Dynami\u010dnost modern\u00ed civilizace)<br>3.m\u00edsto Karol\u00edna Kulifajov\u00e1 (Ve vzduchu)<\/em><\/strong><\/p>\n\n\n\n<p class=\"has-black-color has-text-color has-link-color has-medium-font-size wp-elements-c0fa61e3db73c7e2fd3e8e1681d60a5b\">V\u0161em v\u00edt\u011bz\u016fm srde\u010dn\u011b blahop\u0159ejeme! Va\u0161e fotografie byly skute\u010dn\u011b v\u00fdjime\u010dn\u00e9 a zaslou\u017e\u00ed si uzn\u00e1n\u00ed.<br>I kdy\u017e se n\u00e1m nepoda\u0159ilo ocenit v\u0161echny fotografie, kter\u00e9 si to zaslou\u017eily, chceme V\u00e1m v\u0161em pod\u011bkovat za Va\u0161i snahu a za to, \u017ee jste se s n\u00e1mi pod\u011blili o sv\u016fj talent a vn\u00edm\u00e1n\u00ed sv\u011bta. Va\u0161e fotografie obohatily na\u0161i fotosout\u011b\u017e a ud\u011blaly z n\u00ed kr\u00e1snou a inspirativn\u00ed ud\u00e1lost.<\/p>\n\n\n\n<p class=\"has-black-color has-text-color has-link-color has-medium-font-size wp-elements-75b61b2fa894892607299ff77e673786\">Douf\u00e1me, \u017ee se z\u00fa\u010dastn\u00edte i na\u0161ich dal\u0161\u00edch fotosout\u011b\u017e\u00ed, kter\u00e9 pl\u00e1nujeme v budoucnu.<br>Je\u0161t\u011b jednou V\u00e1m v\u0161em d\u011bkujeme za Va\u0161i \u00fa\u010dast a p\u0159ejeme V\u00e1m mnoho dal\u0161\u00edch kr\u00e1sn\u00fdch sn\u00edmk\u016f!<br>V\u0161ech 41 vystaven\u00fdch \u00fasp\u011b\u0161n\u00fdch sn\u00edmk\u016f bude mo\u017eno, v provozn\u00edch hodin\u00e1ch knihovny, zhl\u00e9dnout a\u017e do 21. \u010dervna 2024. Pot\u00e9 budou zdarma p\u0159ed\u00e1ny, jako d\u00e1rek od \u00daM\u010c Praha 19, jejich autor\u016fm.<\/p>\n\n\n\n<figure class=\"wp-block-gallery has-nested-images columns-default is-cropped wp-block-gallery-1 is-layout-flex wp-block-gallery-is-layout-flex\">\n<figure class=\"wp-block-image size-large\"><a href=\"https:\/\/knihovna.praha19.cz\/wp-content\/uploads\/VOLNE_44-Tresnovy-sad-scaled.jpg\"><img loading=\"lazy\" decoding=\"async\" width=\"1024\" height=\"576\" data-id=\"1052\" src=\"https:\/\/knihovna.praha19.cz\/wp-content\/uploads\/VOLNE_44-Tresnovy-sad-1024x576.jpg\" alt=\"\" class=\"wp-image-1052\" srcset=\"https:\/\/knihovna.praha19.cz\/wp-content\/uploads\/VOLNE_44-Tresnovy-sad-1024x576.jpg 1024w, https:\/\/knihovna.praha19.cz\/wp-content\/uploads\/VOLNE_44-Tresnovy-sad-300x169.jpg 300w, https:\/\/knihovna.praha19.cz\/wp-content\/uploads\/VOLNE_44-Tresnovy-sad-150x84.jpg 150w, https:\/\/knihovna.praha19.cz\/wp-content\/uploads\/VOLNE_44-Tresnovy-sad-768x432.jpg 768w, https:\/\/knihovna.praha19.cz\/wp-content\/uploads\/VOLNE_44-Tresnovy-sad-1536x864.jpg 1536w, https:\/\/knihovna.praha19.cz\/wp-content\/uploads\/VOLNE_44-Tresnovy-sad-2048x1152.jpg 2048w\" sizes=\"auto, (max-width: 1024px) 100vw, 1024px\" \/><\/a><figcaption class=\"wp-element-caption\">Voln\u00e9 t\u00e9ma: 1.m\u00edsto          Ji\u0159\u00ed Hakauf  (T\u0159e\u0161\u0148ov\u00fd sad)<\/figcaption><\/figure>\n\n\n\n<figure class=\"wp-block-image size-large\"><a href=\"https:\/\/knihovna.praha19.cz\/wp-content\/uploads\/VOLNE_27-Vychod-slunce-nad-Karlovym-mostem-scaled.jpg\"><img loading=\"lazy\" decoding=\"async\" width=\"1024\" height=\"683\" data-id=\"1051\" src=\"https:\/\/knihovna.praha19.cz\/wp-content\/uploads\/VOLNE_27-Vychod-slunce-nad-Karlovym-mostem-1024x683.jpg\" alt=\"\" class=\"wp-image-1051\" srcset=\"https:\/\/knihovna.praha19.cz\/wp-content\/uploads\/VOLNE_27-Vychod-slunce-nad-Karlovym-mostem-1024x683.jpg 1024w, https:\/\/knihovna.praha19.cz\/wp-content\/uploads\/VOLNE_27-Vychod-slunce-nad-Karlovym-mostem-300x200.jpg 300w, https:\/\/knihovna.praha19.cz\/wp-content\/uploads\/VOLNE_27-Vychod-slunce-nad-Karlovym-mostem-150x100.jpg 150w, https:\/\/knihovna.praha19.cz\/wp-content\/uploads\/VOLNE_27-Vychod-slunce-nad-Karlovym-mostem-768x512.jpg 768w, https:\/\/knihovna.praha19.cz\/wp-content\/uploads\/VOLNE_27-Vychod-slunce-nad-Karlovym-mostem-1536x1024.jpg 1536w, https:\/\/knihovna.praha19.cz\/wp-content\/uploads\/VOLNE_27-Vychod-slunce-nad-Karlovym-mostem-2048x1365.jpg 2048w\" sizes=\"auto, (max-width: 1024px) 100vw, 1024px\" \/><\/a><figcaption class=\"wp-element-caption\">Voln\u00e9 t\u00e9ma: 2.m\u00edsto          Kate\u0159ina J\u016fnov\u00e1 (V\u00fdchod slunce nad Karlov\u00fdm mostem)<\/figcaption><\/figure>\n\n\n\n<figure class=\"wp-block-image size-large\"><a href=\"https:\/\/knihovna.praha19.cz\/wp-content\/uploads\/VOLNE_11-scaled.jpg\"><img loading=\"lazy\" decoding=\"async\" width=\"1024\" height=\"768\" data-id=\"1050\" src=\"https:\/\/knihovna.praha19.cz\/wp-content\/uploads\/VOLNE_11-1024x768.jpg\" alt=\"\" class=\"wp-image-1050\" srcset=\"https:\/\/knihovna.praha19.cz\/wp-content\/uploads\/VOLNE_11-1024x768.jpg 1024w, https:\/\/knihovna.praha19.cz\/wp-content\/uploads\/VOLNE_11-300x225.jpg 300w, https:\/\/knihovna.praha19.cz\/wp-content\/uploads\/VOLNE_11-150x113.jpg 150w, https:\/\/knihovna.praha19.cz\/wp-content\/uploads\/VOLNE_11-768x576.jpg 768w, https:\/\/knihovna.praha19.cz\/wp-content\/uploads\/VOLNE_11-1536x1152.jpg 1536w, https:\/\/knihovna.praha19.cz\/wp-content\/uploads\/VOLNE_11-2048x1536.jpg 2048w\" sizes=\"auto, (max-width: 1024px) 100vw, 1024px\" \/><\/a><figcaption class=\"wp-element-caption\">Voln\u00e9 t\u00e9ma: 3.m\u00edsto          Jana Braunspergerov\u00e1<\/figcaption><\/figure>\n\n\n\n<figure class=\"wp-block-image size-large\"><a href=\"https:\/\/knihovna.praha19.cz\/wp-content\/uploads\/POHYB_62-Pekelna_jizda-scaled.jpg\"><img loading=\"lazy\" decoding=\"async\" width=\"1024\" height=\"683\" data-id=\"1055\" src=\"https:\/\/knihovna.praha19.cz\/wp-content\/uploads\/POHYB_62-Pekelna_jizda-1024x683.jpg\" alt=\"\" class=\"wp-image-1055\" srcset=\"https:\/\/knihovna.praha19.cz\/wp-content\/uploads\/POHYB_62-Pekelna_jizda-1024x683.jpg 1024w, https:\/\/knihovna.praha19.cz\/wp-content\/uploads\/POHYB_62-Pekelna_jizda-300x200.jpg 300w, https:\/\/knihovna.praha19.cz\/wp-content\/uploads\/POHYB_62-Pekelna_jizda-150x100.jpg 150w, https:\/\/knihovna.praha19.cz\/wp-content\/uploads\/POHYB_62-Pekelna_jizda-768x512.jpg 768w, https:\/\/knihovna.praha19.cz\/wp-content\/uploads\/POHYB_62-Pekelna_jizda-1536x1024.jpg 1536w, https:\/\/knihovna.praha19.cz\/wp-content\/uploads\/POHYB_62-Pekelna_jizda-2048x1365.jpg 2048w\" sizes=\"auto, (max-width: 1024px) 100vw, 1024px\" \/><\/a><figcaption class=\"wp-element-caption\">Sv\u011bt v pohybu: 1.m\u00edsto          Adam Hendrych (Pekeln\u00e1 j\u00edzda)<\/figcaption><\/figure>\n\n\n\n<figure class=\"wp-block-image size-large\"><a href=\"https:\/\/knihovna.praha19.cz\/wp-content\/uploads\/POHYB_53_Dynamicnost_moderni_civilizace-scaled.jpg\"><img loading=\"lazy\" decoding=\"async\" width=\"1024\" height=\"683\" data-id=\"1054\" src=\"https:\/\/knihovna.praha19.cz\/wp-content\/uploads\/POHYB_53_Dynamicnost_moderni_civilizace-1024x683.jpg\" alt=\"\" class=\"wp-image-1054\" srcset=\"https:\/\/knihovna.praha19.cz\/wp-content\/uploads\/POHYB_53_Dynamicnost_moderni_civilizace-1024x683.jpg 1024w, https:\/\/knihovna.praha19.cz\/wp-content\/uploads\/POHYB_53_Dynamicnost_moderni_civilizace-300x200.jpg 300w, https:\/\/knihovna.praha19.cz\/wp-content\/uploads\/POHYB_53_Dynamicnost_moderni_civilizace-150x100.jpg 150w, https:\/\/knihovna.praha19.cz\/wp-content\/uploads\/POHYB_53_Dynamicnost_moderni_civilizace-768x512.jpg 768w, https:\/\/knihovna.praha19.cz\/wp-content\/uploads\/POHYB_53_Dynamicnost_moderni_civilizace-1536x1024.jpg 1536w, https:\/\/knihovna.praha19.cz\/wp-content\/uploads\/POHYB_53_Dynamicnost_moderni_civilizace-2048x1365.jpg 2048w\" sizes=\"auto, (max-width: 1024px) 100vw, 1024px\" \/><\/a><figcaption class=\"wp-element-caption\">Sv\u011bt v pohybu: 2.m\u00edsto        Jakub Cac\u00e1k (Dynami\u010dnost modern\u00ed civilizace)<\/figcaption><\/figure>\n\n\n\n<figure class=\"wp-block-image size-large\"><a href=\"https:\/\/knihovna.praha19.cz\/wp-content\/uploads\/POHYB_37-Ve-vzduchu-scaled.jpg\"><img loading=\"lazy\" decoding=\"async\" width=\"1024\" height=\"714\" data-id=\"1053\" src=\"https:\/\/knihovna.praha19.cz\/wp-content\/uploads\/POHYB_37-Ve-vzduchu-1024x714.jpg\" alt=\"\" class=\"wp-image-1053\" srcset=\"https:\/\/knihovna.praha19.cz\/wp-content\/uploads\/POHYB_37-Ve-vzduchu-1024x714.jpg 1024w, https:\/\/knihovna.praha19.cz\/wp-content\/uploads\/POHYB_37-Ve-vzduchu-300x209.jpg 300w, https:\/\/knihovna.praha19.cz\/wp-content\/uploads\/POHYB_37-Ve-vzduchu-150x105.jpg 150w, https:\/\/knihovna.praha19.cz\/wp-content\/uploads\/POHYB_37-Ve-vzduchu-768x536.jpg 768w, https:\/\/knihovna.praha19.cz\/wp-content\/uploads\/POHYB_37-Ve-vzduchu-1536x1071.jpg 1536w, https:\/\/knihovna.praha19.cz\/wp-content\/uploads\/POHYB_37-Ve-vzduchu-2048x1428.jpg 2048w\" sizes=\"auto, (max-width: 1024px) 100vw, 1024px\" \/><\/a><figcaption class=\"wp-element-caption\">Sv\u011bt v pohybu: 3.m\u00edsto          Karol\u00edna Kulifajov\u00e1 (Ve vzduchu)<\/figcaption><\/figure>\n<\/figure>\n","protected":false},"excerpt":{"rendered":"<p>V pond\u011bl\u00ed 13. kv\u011btna prob\u011bhlo v M\u00edstn\u00ed knihovn\u011b Kbely slavnostn\u00ed vyhl\u00e1\u0161en\u00ed v\u00fdsledk\u016f ji\u017e ro\u010dn\u00edku fotosout\u011b\u017ee amat\u00e9rsk\u00fdch fotograf\u016f. V\u00e1\u017een\u00ed \u00fa\u010dastn\u00edci fotosout\u011b\u017ee,dovolte n\u00e1m, abychom V\u00e1m vyj\u00e1d\u0159ili up\u0159\u00edmn\u00e9 pod\u011bkov\u00e1n\u00ed za Va\u0161i hojnou \u00fa\u010dast v na\u0161\u00ed fotosout\u011b\u017ei. Jsme nad\u0161eni z Va\u0161eho z\u00e1jmu a z mnoha \u00fa\u017easn\u00fdch fotografi\u00ed, kter\u00e9 jste n\u00e1m poslali.Tohoto ro\u010dn\u00edku se z\u00fa\u010dastnilo 29 sout\u011b\u017e\u00edc\u00edch, kte\u0159\u00ed zaslali celkem [&hellip;]<\/p>\n","protected":false},"author":2,"featured_media":1052,"comment_status":"closed","ping_status":"","sticky":false,"template":"","format":"standard","meta":{"_monsterinsights_skip_tracking":false,"_monsterinsights_sitenote_active":false,"_monsterinsights_sitenote_note":"","_monsterinsights_sitenote_category":0,"footnotes":""},"categories":[8],"tags":[],"class_list":["post-1049","post","type-post","status-publish","format-standard","has-post-thumbnail","hentry","category-souteze"],"_links":{"self":[{"href":"https:\/\/knihovna.praha19.cz\/index.php?rest_route=\/wp\/v2\/posts\/1049","targetHints":{"allow":["GET"]}}],"collection":[{"href":"https:\/\/knihovna.praha19.cz\/index.php?rest_route=\/wp\/v2\/posts"}],"about":[{"href":"https:\/\/knihovna.praha19.cz\/index.php?rest_route=\/wp\/v2\/types\/post"}],"author":[{"embeddable":true,"href":"https:\/\/knihovna.praha19.cz\/index.php?rest_route=\/wp\/v2\/users\/2"}],"replies":[{"embeddable":true,"href":"https:\/\/knihovna.praha19.cz\/index.php?rest_route=%2Fwp%2Fv2%2Fcomments&post=1049"}],"version-history":[{"count":3,"href":"https:\/\/knihovna.praha19.cz\/index.php?rest_route=\/wp\/v2\/posts\/1049\/revisions"}],"predecessor-version":[{"id":1058,"href":"https:\/\/knihovna.praha19.cz\/index.php?rest_route=\/wp\/v2\/posts\/1049\/revisions\/1058"}],"wp:featuredmedia":[{"embeddable":true,"href":"https:\/\/knihovna.praha19.cz\/index.php?rest_route=\/wp\/v2\/media\/1052"}],"wp:attachment":[{"href":"https:\/\/knihovna.praha19.cz\/index.php?rest_route=%2Fwp%2Fv2%2Fmedia&parent=1049"}],"wp:term":[{"taxonomy":"category","embeddable":true,"href":"https:\/\/knihovna.praha19.cz\/index.php?rest_route=%2Fwp%2Fv2%2Fcategories&post=1049"},{"taxonomy":"post_tag","embeddable":true,"href":"https:\/\/knihovna.praha19.cz\/index.php?rest_route=%2Fwp%2Fv2%2Ftags&post=1049"}],"curies":[{"name":"wp","href":"https:\/\/api.w.org\/{rel}","templated":true}]}}