{"id":1184,"date":"2025-01-31T14:18:50","date_gmt":"2025-01-31T12:18:50","guid":{"rendered":"https:\/\/knihovna.praha19.cz\/?p=1184"},"modified":"2025-04-09T11:48:11","modified_gmt":"2025-04-09T09:48:11","slug":"6-rocnik-amaterske-fotograficke-souteze","status":"publish","type":"post","link":"https:\/\/knihovna.praha19.cz\/?p=1184","title":{"rendered":"6. ro\u010dn\u00edk AMAT\u00c9RSK\u00c9 FOTOGRAFICK\u00c9 SOUT\u011a\u017dE"},"content":{"rendered":"\n<p class=\"has-black-color has-text-color has-link-color wp-elements-3ee396885b5901f0e10fbaeea71e7f01\">M\u011bstsk\u00e1 \u010d\u00e1st Praha 19 ve spolupr\u00e1ci s M\u00edstn\u00ed knihovnou Kbely a 1. \u010cKFA Nek\u00e1zanka po\u0159\u00e1daj\u00ed<\/p>\n\n\n\n<p class=\"has-black-color has-text-color has-link-color has-large-font-size wp-elements-afaa88a00a95b1afd89b53c3235e316b\">6. ro\u010dn\u00edk AMAT\u00c9RSK\u00c9 FOTOGRAFICK\u00c9 SOUT\u011a\u017dE<\/p>\n\n\n\n<p class=\"has-black-color has-text-color has-link-color wp-elements-19ea40199678735f4bc1f8bc1e4f1a0f\">Sout\u011b\u017e pro v\u0161echny fotografy, kte\u0159\u00ed se pova\u017euj\u00ed za amat\u00e9ry.<\/p>\n\n\n\n<p class=\"has-black-color has-text-color has-link-color has-medium-font-size wp-elements-6a0d2577756c249f4846c74bc6527854\">Tentokr\u00e1t na t\u00e9ma: 1. voln\u00e9, 2. voda.<\/p>\n\n\n\n<ul class=\"wp-block-list\">\n<li class=\"has-black-color has-text-color has-link-color wp-elements-a7e983e148b4734879a022411c77b522\">P\u0159\u00edjem sn\u00edmk\u016f bude zah\u00e1jen 3. 2. 2025 a ukon\u010den 28. 3. 2025<\/li>\n\n\n\n<li class=\"has-black-color has-text-color has-link-color wp-elements-083273f3ac9c80104c231bd445baaf01\">Fotografie zas\u00edlejte na e-mail: vrba.vladislav@seznam.cz, nebo doru\u010dte na nosi\u010di p\u0159\u00edmo do kbelsk\u00e9 knihovny.<\/li>\n\n\n\n<li class=\"has-black-color has-text-color has-link-color wp-elements-7b3ce52207205df2d74d001156a4010c\">Minim\u00e1ln\u00ed velikost 1200 px del\u0161\u00ed strana a v rozli\u0161en\u00ed minim\u00e1ln\u011b 200 obrazov\u00fdch bod\u016f na cm<sup>2<\/sup><\/li>\n\n\n\n<li class=\"has-black-color has-text-color has-link-color wp-elements-a355228c34eaded13e5b3f23710d9b93\">Z\u00fa\u010dastnit se m\u016f\u017eete maxim\u00e1ln\u011b t\u0159emi fotografiemi od ka\u017ed\u00e9ho t\u00e9matu.<\/li>\n\n\n\n<li class=\"has-black-color has-text-color has-link-color wp-elements-bc027c9120f5350ee699b16d23efaf1d\">K fotografi\u00edm je t\u0159eba dodat jm\u00e9no a telefon, p\u0159\u00edpadn\u011b i n\u00e1zev sn\u00edmku a e-mail.<\/li>\n\n\n\n<li class=\"has-black-color has-text-color has-link-color wp-elements-e5333c616e23dbc0c2ae4f0be60d9635\">Porota vybere z do\u0161l\u00fdch sn\u00edmk\u016f celkem 42, odpov\u00eddaj\u00edc\u00edch technick\u00e9 kvalit\u011b a zaj\u00edmav\u00fdch sv\u00fdm obsahem a kompozic\u00ed.<\/li>\n\n\n\n<li class=\"has-black-color has-text-color has-link-color wp-elements-f5e5fdbb339ed021f0365c6db01f99e6\">Vyhl\u00e1\u0161en\u00ed v\u00edt\u011bz\u016f prob\u011bhne, spolu s vernis\u00e1\u017e\u00ed v\u0161ech \u00fasp\u011b\u0161n\u00fdch fotografi\u00ed ve st\u0159edu 23. 4. 2025 v prostor\u00e1ch kbelsk\u00e9 knihovny.<\/li>\n\n\n\n<li class=\"has-black-color has-text-color has-link-color wp-elements-15d06659df31908238a7ded0f4f7313f\">V\u0161echny vystaven\u00e9 sn\u00edmky si budou moci jejich auto\u0159i, po ukon\u010den\u00ed v\u00fdstavy &#8211; tj. od 9. 6. 2025, vyzvednout v knihovn\u011b. <\/li>\n<\/ul>\n","protected":false},"excerpt":{"rendered":"<p>M\u011bstsk\u00e1 \u010d\u00e1st Praha 19 ve spolupr\u00e1ci s M\u00edstn\u00ed knihovnou Kbely a 1. \u010cKFA Nek\u00e1zanka po\u0159\u00e1daj\u00ed 6. ro\u010dn\u00edk AMAT\u00c9RSK\u00c9 FOTOGRAFICK\u00c9 SOUT\u011a\u017dE Sout\u011b\u017e pro v\u0161echny fotografy, kte\u0159\u00ed se pova\u017euj\u00ed za amat\u00e9ry. Tentokr\u00e1t na t\u00e9ma: 1. voln\u00e9, 2. voda.<\/p>\n","protected":false},"author":2,"featured_media":1186,"comment_status":"closed","ping_status":"closed","sticky":false,"template":"","format":"standard","meta":{"_monsterinsights_skip_tracking":false,"_monsterinsights_sitenote_active":false,"_monsterinsights_sitenote_note":"","_monsterinsights_sitenote_category":0,"footnotes":""},"categories":[8],"tags":[],"class_list":["post-1184","post","type-post","status-publish","format-standard","has-post-thumbnail","hentry","category-souteze"],"_links":{"self":[{"href":"https:\/\/knihovna.praha19.cz\/index.php?rest_route=\/wp\/v2\/posts\/1184","targetHints":{"allow":["GET"]}}],"collection":[{"href":"https:\/\/knihovna.praha19.cz\/index.php?rest_route=\/wp\/v2\/posts"}],"about":[{"href":"https:\/\/knihovna.praha19.cz\/index.php?rest_route=\/wp\/v2\/types\/post"}],"author":[{"embeddable":true,"href":"https:\/\/knihovna.praha19.cz\/index.php?rest_route=\/wp\/v2\/users\/2"}],"replies":[{"embeddable":true,"href":"https:\/\/knihovna.praha19.cz\/index.php?rest_route=%2Fwp%2Fv2%2Fcomments&post=1184"}],"version-history":[{"count":2,"href":"https:\/\/knihovna.praha19.cz\/index.php?rest_route=\/wp\/v2\/posts\/1184\/revisions"}],"predecessor-version":[{"id":1187,"href":"https:\/\/knihovna.praha19.cz\/index.php?rest_route=\/wp\/v2\/posts\/1184\/revisions\/1187"}],"wp:featuredmedia":[{"embeddable":true,"href":"https:\/\/knihovna.praha19.cz\/index.php?rest_route=\/wp\/v2\/media\/1186"}],"wp:attachment":[{"href":"https:\/\/knihovna.praha19.cz\/index.php?rest_route=%2Fwp%2Fv2%2Fmedia&parent=1184"}],"wp:term":[{"taxonomy":"category","embeddable":true,"href":"https:\/\/knihovna.praha19.cz\/index.php?rest_route=%2Fwp%2Fv2%2Fcategories&post=1184"},{"taxonomy":"post_tag","embeddable":true,"href":"https:\/\/knihovna.praha19.cz\/index.php?rest_route=%2Fwp%2Fv2%2Ftags&post=1184"}],"curies":[{"name":"wp","href":"https:\/\/api.w.org\/{rel}","templated":true}]}}