{"id":148,"date":"2023-02-06T16:03:11","date_gmt":"2023-02-06T15:03:11","guid":{"rendered":"https:\/\/knihovna.praha19.cz\/?p=148"},"modified":"2023-11-06T12:13:47","modified_gmt":"2023-11-06T10:13:47","slug":"fotograficka-soutez","status":"publish","type":"post","link":"https:\/\/knihovna.praha19.cz\/?p=148","title":{"rendered":"Fotografick\u00e1 sout\u011b\u017e"},"content":{"rendered":"\n<p class=\"has-black-color has-text-color has-medium-font-size\"><strong><em>Nezadr\u017eiteln\u011b se bl\u00ed\u017e\u00ed term\u00edn ukon\u010den\u00ed p\u0159ihl\u00e1\u0161ek do 4. ro\u010dn\u00edku fotosout\u011b\u017ee, proto vyz\u00fdv\u00e1me v\u0161echny p\u0159\u00edpadn\u00e9 z\u00e1jemce o zasl\u00e1n\u00ed sv\u00fdch sout\u011b\u017en\u00edch sn\u00edmk\u016f nejpozd\u011bji do 17. 2. 2023!!!<\/em><\/strong><\/p>\n\n\n\n<p class=\"has-black-color has-text-color has-medium-font-size\">M\u00edstn\u00ed knihovna Kbely pod z\u00e1\u0161titou m\u00edstostarostky M\u010c Praha 19 Ivany \u0160est\u00e1kov\u00e9 a ve spolupr\u00e1ci s l.\u010cKFA Nek\u00e1zanka po\u0159\u00e1daj\u00ed<\/p>\n\n\n\n<h2 class=\"wp-block-heading has-black-color has-text-color\">4. RO\u010cN\u00cdK AMAT\u00c9RSK\u00c9 FOTOGRAFICK\u00c9 SOUT\u011a\u017dE<\/h2>\n\n\n\n<p class=\"has-black-color has-text-color has-medium-font-size\">pro v\u0161echny fotografy, kte\u0159\u00ed se pova\u017euj\u00ed za amat\u00e9ry<\/p>\n\n\n\n<p class=\"has-black-color has-text-color has-medium-font-size\"><strong>Sout\u011b\u017en\u00ed t\u00e9ma:<\/strong><br><strong>1. Kontrasty<\/strong><br><strong>2. Voln\u00e9<\/strong><\/p>\n\n\n\n<p class=\"has-black-color has-text-color has-medium-font-size\">Fotografie zas\u00edlejte na email: vrba.vladislav@seznam.cz, nebo doru\u010dte na nosi\u010di p\u0159\u00edmo do kbelsk\u00e9 knihovny.<br>Minim\u00e1ln\u00ed velikost 1200 pix. del\u0161\u00ed strana a v rozli\u0161en\u00ed minim\u00e1ln\u011b 200 obrazov\u00fdch bod\u016f na cm2.<br>Z\u00fa\u010dastnit se m\u016f\u017eete max. t\u0159emi fotografiemi od ka\u017ed\u00e9ho t\u00e9matu.<br>K fotografi\u00edm je t\u0159eba dodat jm\u00e9no a telefon, p\u0159\u00edpadn\u011b i n\u00e1zev sn\u00edmku a e-mail.<br><strong>P\u0159\u00edjem sn\u00edmk\u016f bude zah\u00e1jen 1. 11. 2022 a ukon\u010den 17. 2. 2023.<\/strong><br>Porota vybere z do\u0161l\u00fdch sn\u00edmk\u016f celkem 40 odpov\u00eddaj\u00edc\u00edch technick\u00e9 kvalit\u011b a zaj\u00edmav\u00fdch sv\u00fdm obsahem a kompozic\u00ed.<br>Vyhl\u00e1\u0161en\u00ed v\u00edt\u011bz\u016f prob\u011bhne spolu s vernis\u00e1\u017e\u00ed v\u0161ech \u00fasp\u011b\u0161n\u00fdch fotografi\u00ed ve kbelsk\u00e9 knihovn\u011b v pr\u016fb\u011bhu b\u0159ezna 2023.<br>Po ukon\u010den\u00ed v\u00fdstavy budou v\u0161echny vystaven\u00e9 sn\u00edmky p\u0159ed\u00e1ny zdarma jejich autor\u016fm. Fotografie budou v knihovn\u011b ulo\u017eeny po dobu 3 m\u011bs\u00edc\u016f, n\u00e1sledn\u011b nevyzvednut\u00e9 sn\u00edmky budou d\u00e1ny na dobro\u010dinn\u00e9 \u00fa\u010dely.<\/p>\n","protected":false},"excerpt":{"rendered":"<p>Nezadr\u017eiteln\u011b se bl\u00ed\u017e\u00ed term\u00edn ukon\u010den\u00ed p\u0159ihl\u00e1\u0161ek do 4. ro\u010dn\u00edku fotosout\u011b\u017ee, proto vyz\u00fdv\u00e1me v\u0161echny p\u0159\u00edpadn\u00e9 z\u00e1jemce o zasl\u00e1n\u00ed sv\u00fdch sout\u011b\u017en\u00edch sn\u00edmk\u016f nejpozd\u011bji do 17. 2. 2023!!! M\u00edstn\u00ed knihovna Kbely pod z\u00e1\u0161titou m\u00edstostarostky M\u010c Praha 19 Ivany \u0160est\u00e1kov\u00e9 a ve spolupr\u00e1ci s l.\u010cKFA Nek\u00e1zanka po\u0159\u00e1daj\u00ed 4. RO\u010cN\u00cdK AMAT\u00c9RSK\u00c9 FOTOGRAFICK\u00c9 SOUT\u011a\u017dE pro v\u0161echny fotografy, kte\u0159\u00ed se pova\u017euj\u00ed za [&hellip;]<\/p>\n","protected":false},"author":1,"featured_media":147,"comment_status":"closed","ping_status":"","sticky":false,"template":"","format":"standard","meta":{"_monsterinsights_skip_tracking":false,"_monsterinsights_sitenote_active":false,"_monsterinsights_sitenote_note":"","_monsterinsights_sitenote_category":0,"footnotes":""},"categories":[8],"tags":[],"class_list":["post-148","post","type-post","status-publish","format-standard","has-post-thumbnail","hentry","category-souteze"],"_links":{"self":[{"href":"https:\/\/knihovna.praha19.cz\/index.php?rest_route=\/wp\/v2\/posts\/148","targetHints":{"allow":["GET"]}}],"collection":[{"href":"https:\/\/knihovna.praha19.cz\/index.php?rest_route=\/wp\/v2\/posts"}],"about":[{"href":"https:\/\/knihovna.praha19.cz\/index.php?rest_route=\/wp\/v2\/types\/post"}],"author":[{"embeddable":true,"href":"https:\/\/knihovna.praha19.cz\/index.php?rest_route=\/wp\/v2\/users\/1"}],"replies":[{"embeddable":true,"href":"https:\/\/knihovna.praha19.cz\/index.php?rest_route=%2Fwp%2Fv2%2Fcomments&post=148"}],"version-history":[{"count":6,"href":"https:\/\/knihovna.praha19.cz\/index.php?rest_route=\/wp\/v2\/posts\/148\/revisions"}],"predecessor-version":[{"id":836,"href":"https:\/\/knihovna.praha19.cz\/index.php?rest_route=\/wp\/v2\/posts\/148\/revisions\/836"}],"wp:featuredmedia":[{"embeddable":true,"href":"https:\/\/knihovna.praha19.cz\/index.php?rest_route=\/wp\/v2\/media\/147"}],"wp:attachment":[{"href":"https:\/\/knihovna.praha19.cz\/index.php?rest_route=%2Fwp%2Fv2%2Fmedia&parent=148"}],"wp:term":[{"taxonomy":"category","embeddable":true,"href":"https:\/\/knihovna.praha19.cz\/index.php?rest_route=%2Fwp%2Fv2%2Fcategories&post=148"},{"taxonomy":"post_tag","embeddable":true,"href":"https:\/\/knihovna.praha19.cz\/index.php?rest_route=%2Fwp%2Fv2%2Ftags&post=148"}],"curies":[{"name":"wp","href":"https:\/\/api.w.org\/{rel}","templated":true}]}}