{"id":877,"date":"2023-11-16T12:48:44","date_gmt":"2023-11-16T10:48:44","guid":{"rendered":"https:\/\/knihovna.praha19.cz\/?p=877"},"modified":"2023-11-16T12:48:44","modified_gmt":"2023-11-16T10:48:44","slug":"vystava-fotografii-jany-cesakove-hyklove-a-pavla-hykla-jina-krasa","status":"publish","type":"post","link":"https:\/\/knihovna.praha19.cz\/?p=877","title":{"rendered":"V\u00fdstava fotografi\u00ed Jany \u010ces\u00e1kov\u00e9 Hyklov\u00e9 a Pavla Hykla &#8222;Jin\u00e1 kr\u00e1sa&#8220;"},"content":{"rendered":"\n<p class=\"has-black-color has-text-color has-link-color has-medium-font-size wp-elements-5948b12787d448fa2263aedaa936117f\">M\u011bstsk\u00e1 \u010d\u00e1st Praha 19 ve spolupr\u00e1ci s M\u00edstn\u00ed knihovnou Kbely a 1. \u010cKFA Nek\u00e1zanka si v\u00e1s dovoluj\u00ed pozvat na autorskou v\u00fdstavu fotografi\u00ed<\/p>\n\n\n\n<p class=\"has-black-color has-text-color has-link-color has-large-font-size wp-elements-5a3449a582c7cac4364a9fe9af3821fc\">Jany \u010ces\u00e1kov\u00e9 Hyklov\u00e9 a Pavla Hykla<br>&#8222;Jin\u00e1 kr\u00e1sa&#8220;<\/p>\n\n\n\n<p class=\"has-black-color has-text-color has-link-color has-medium-font-size wp-elements-94047d19041a8095c655b037690f3be8\">Vernis\u00e1\u017e prob\u011bhne ve st\u0159edu 17. 1. 2024 od 18:00 hodin v prostor\u00e1ch Kbelsk\u00e9 knihovny.<br>V\u00fdstava bude k zhl\u00e9dnut\u00ed v provozn\u00edch hodin\u00e1ch knihovny do 29. 2. 2024<\/p>\n","protected":false},"excerpt":{"rendered":"<p>M\u011bstsk\u00e1 \u010d\u00e1st Praha 19 ve spolupr\u00e1ci s M\u00edstn\u00ed knihovnou Kbely a 1. \u010cKFA Nek\u00e1zanka si v\u00e1s dovoluj\u00ed pozvat na autorskou v\u00fdstavu fotografi\u00ed Jany \u010ces\u00e1kov\u00e9 Hyklov\u00e9 a Pavla Hykla&#8222;Jin\u00e1 kr\u00e1sa&#8220; Vernis\u00e1\u017e prob\u011bhne ve st\u0159edu 17. 1. 2024 od 18:00 hodin v prostor\u00e1ch Kbelsk\u00e9 knihovny.V\u00fdstava bude k zhl\u00e9dnut\u00ed v provozn\u00edch hodin\u00e1ch knihovny do 29. 2. 2024<\/p>\n","protected":false},"author":2,"featured_media":875,"comment_status":"closed","ping_status":"","sticky":false,"template":"","format":"standard","meta":{"_monsterinsights_skip_tracking":false,"_monsterinsights_sitenote_active":false,"_monsterinsights_sitenote_note":"","_monsterinsights_sitenote_category":0,"footnotes":""},"categories":[4],"tags":[],"class_list":["post-877","post","type-post","status-publish","format-standard","has-post-thumbnail","hentry","category-vystavy"],"_links":{"self":[{"href":"https:\/\/knihovna.praha19.cz\/index.php?rest_route=\/wp\/v2\/posts\/877","targetHints":{"allow":["GET"]}}],"collection":[{"href":"https:\/\/knihovna.praha19.cz\/index.php?rest_route=\/wp\/v2\/posts"}],"about":[{"href":"https:\/\/knihovna.praha19.cz\/index.php?rest_route=\/wp\/v2\/types\/post"}],"author":[{"embeddable":true,"href":"https:\/\/knihovna.praha19.cz\/index.php?rest_route=\/wp\/v2\/users\/2"}],"replies":[{"embeddable":true,"href":"https:\/\/knihovna.praha19.cz\/index.php?rest_route=%2Fwp%2Fv2%2Fcomments&post=877"}],"version-history":[{"count":1,"href":"https:\/\/knihovna.praha19.cz\/index.php?rest_route=\/wp\/v2\/posts\/877\/revisions"}],"predecessor-version":[{"id":878,"href":"https:\/\/knihovna.praha19.cz\/index.php?rest_route=\/wp\/v2\/posts\/877\/revisions\/878"}],"wp:featuredmedia":[{"embeddable":true,"href":"https:\/\/knihovna.praha19.cz\/index.php?rest_route=\/wp\/v2\/media\/875"}],"wp:attachment":[{"href":"https:\/\/knihovna.praha19.cz\/index.php?rest_route=%2Fwp%2Fv2%2Fmedia&parent=877"}],"wp:term":[{"taxonomy":"category","embeddable":true,"href":"https:\/\/knihovna.praha19.cz\/index.php?rest_route=%2Fwp%2Fv2%2Fcategories&post=877"},{"taxonomy":"post_tag","embeddable":true,"href":"https:\/\/knihovna.praha19.cz\/index.php?rest_route=%2Fwp%2Fv2%2Ftags&post=877"}],"curies":[{"name":"wp","href":"https:\/\/api.w.org\/{rel}","templated":true}]}}